{"id":695,"date":"2014-08-27T10:28:49","date_gmt":"2014-08-27T08:28:49","guid":{"rendered":"https:\/\/bernardorodrigo.com\/\/?p=695"},"modified":"2022-12-17T08:57:25","modified_gmt":"2022-12-17T07:57:25","slug":"panama-vii-aniversario-del-p-carlos-schuster","status":"publish","type":"post","link":"https:\/\/bernardorodrigo.com\/?p=695","title":{"rendered":"Panama VII &#8211; Aniversario del P. Carlos Schuster"},"content":{"rendered":"<p>Pues resulta que el segundo d\u00eda (30 de julio), que estaba yo en Soloy es el aniversario de la muerte del <a href=\"http:\/\/www.youtube.com\/watch?v=p3JadlUv8vw\" target=\"_blank\" rel=\"noopener noreferrer\">P. Carlos Schuster c.m<\/a> ,\u00a0 que paso los \u00faltimos 34 a\u00f1os e su vida con los Ng\u00f6be Bougle, y la forma de celebrarlo fue con una misa, y\u00a0 una visita a su tumba, pues dejo en su testamento que quer\u00eda ser enterrado con la gente a la que amaba.<\/p>\n<p>Entre otras muchas cosas que dejo en Soloy, esta el centro medico que aunque ahora lo gestiona el ministerio de salud de Panama, fue el quien consigui\u00f3 instalarlo en colaboraci\u00f3n con m\u00e9dicos sin fronteras.<\/p>\n<p>La sorpresa que me lleve cuando a la hora de tocar la campana para el primer toque, resulta que oigo sonar la caracola, y de golpe me pareci\u00f3 que estaba en <a title=\"Mayos\" href=\"https:\/\/bernardorodrigo.com\/\/?p=198\" target=\"_blank\" rel=\"noopener noreferrer\">los Mayos<\/a>, algunos valientes no pudieron resistir la tentaci\u00f3n de intentar hacerla sonar.<\/p>\n<p>Julia lo consigui\u00f3 al primer intento.<\/p>\n<p><a href=\"https:\/\/bernardorodrigo.com\/\/wp-content\/uploads\/2014\/08\/BRS_20140730_084912_0024.jpg\" target=\"_blank\" rel=\"noopener noreferrer\"><img loading=\"lazy\" decoding=\"async\" class=\"aligncenter wp-image-696 size-medium\" src=\"https:\/\/bernardorodrigo.com\/wp-content\/uploads\/2014\/08\/BRS_20140730_084912_0024-465x700.jpg\" alt=\"BRS_20140730_084912_0024\" width=\"465\" height=\"700\" srcset=\"https:\/\/bernardorodrigo.com\/wp-content\/uploads\/2014\/08\/BRS_20140730_084912_0024-465x700.jpg 465w, https:\/\/bernardorodrigo.com\/wp-content\/uploads\/2014\/08\/BRS_20140730_084912_0024-680x1024.jpg 680w, https:\/\/bernardorodrigo.com\/wp-content\/uploads\/2014\/08\/BRS_20140730_084912_0024.jpg 996w\" sizes=\"(max-width: 465px) 100vw, 465px\" \/><\/a><!--more-->No as\u00ed el Padre Jose Manuel c.m. que le cambiaba el color de la cara de lo fuerte que lo intentaba.<\/p>\n<p><a href=\"https:\/\/bernardorodrigo.com\/\/wp-content\/uploads\/2014\/08\/BRS_20140730_085052_0026.jpg\" target=\"_blank\" rel=\"noopener noreferrer\"><img loading=\"lazy\" decoding=\"async\" class=\"aligncenter wp-image-697 size-medium\" src=\"https:\/\/bernardorodrigo.com\/wp-content\/uploads\/2014\/08\/BRS_20140730_085052_0026-700x465.jpg\" alt=\"BRS_20140730_085052_0026\" width=\"700\" height=\"465\" srcset=\"https:\/\/bernardorodrigo.com\/wp-content\/uploads\/2014\/08\/BRS_20140730_085052_0026-700x465.jpg 700w, https:\/\/bernardorodrigo.com\/wp-content\/uploads\/2014\/08\/BRS_20140730_085052_0026-1024x680.jpg 1024w, https:\/\/bernardorodrigo.com\/wp-content\/uploads\/2014\/08\/BRS_20140730_085052_0026.jpg 1500w\" sizes=\"(max-width: 700px) 100vw, 700px\" \/><\/a>Un momento de la celebraci\u00f3n en el rancho de la casa de misi\u00f3n.<\/p>\n<p><a href=\"https:\/\/bernardorodrigo.com\/\/wp-content\/uploads\/2014\/08\/BRS_20140730_100853_0072.jpg\" target=\"_blank\" rel=\"noopener noreferrer\"><img loading=\"lazy\" decoding=\"async\" class=\"aligncenter wp-image-698 size-medium\" src=\"https:\/\/bernardorodrigo.com\/wp-content\/uploads\/2014\/08\/BRS_20140730_100853_0072-465x700.jpg\" alt=\"BRS_20140730_100853_0072\" width=\"465\" height=\"700\" srcset=\"https:\/\/bernardorodrigo.com\/wp-content\/uploads\/2014\/08\/BRS_20140730_100853_0072-465x700.jpg 465w, https:\/\/bernardorodrigo.com\/wp-content\/uploads\/2014\/08\/BRS_20140730_100853_0072-680x1024.jpg 680w, https:\/\/bernardorodrigo.com\/wp-content\/uploads\/2014\/08\/BRS_20140730_100853_0072.jpg 996w\" sizes=\"(max-width: 465px) 100vw, 465px\" \/><\/a><\/p>\n<p>Y otro durante la homil\u00eda a cargo de Padre Jos\u00e9, con dos \u00abartistas invitadas\u00bb que casi no terminan de la risa que les entro.<\/p>\n<p><a href=\"https:\/\/bernardorodrigo.com\/\/wp-content\/uploads\/2014\/08\/BRS_20140730_100508_0060.jpg\" target=\"_blank\" rel=\"noopener noreferrer\"><img loading=\"lazy\" decoding=\"async\" class=\"aligncenter wp-image-703 size-medium\" src=\"https:\/\/bernardorodrigo.com\/wp-content\/uploads\/2014\/08\/BRS_20140730_100508_0060-700x465.jpg\" alt=\"BRS_20140730_100508_0060\" width=\"700\" height=\"465\" srcset=\"https:\/\/bernardorodrigo.com\/wp-content\/uploads\/2014\/08\/BRS_20140730_100508_0060-700x465.jpg 700w, https:\/\/bernardorodrigo.com\/wp-content\/uploads\/2014\/08\/BRS_20140730_100508_0060-1024x680.jpg 1024w, https:\/\/bernardorodrigo.com\/wp-content\/uploads\/2014\/08\/BRS_20140730_100508_0060.jpg 1500w\" sizes=\"(max-width: 700px) 100vw, 700px\" \/><\/a><\/p>\n<p>Y al terminar esta, de camino al cementerio que esta muy cerca.<\/p>\n<p><a href=\"https:\/\/bernardorodrigo.com\/\/wp-content\/uploads\/2014\/08\/BRS_20140730_105935_0093.jpg\" target=\"_blank\" rel=\"noopener noreferrer\"><img loading=\"lazy\" decoding=\"async\" class=\"aligncenter wp-image-699 size-medium\" src=\"https:\/\/bernardorodrigo.com\/wp-content\/uploads\/2014\/08\/BRS_20140730_105935_0093-700x465.jpg\" alt=\"BRS_20140730_105935_0093\" width=\"700\" height=\"465\" srcset=\"https:\/\/bernardorodrigo.com\/wp-content\/uploads\/2014\/08\/BRS_20140730_105935_0093-700x465.jpg 700w, https:\/\/bernardorodrigo.com\/wp-content\/uploads\/2014\/08\/BRS_20140730_105935_0093-1024x680.jpg 1024w, https:\/\/bernardorodrigo.com\/wp-content\/uploads\/2014\/08\/BRS_20140730_105935_0093.jpg 1500w\" sizes=\"(max-width: 700px) 100vw, 700px\" \/><\/a>Hab\u00eda mucha gente, y algunas no quer\u00edan hacer cola para pasar entre las vallas, as\u00ed que pasaban por debajo, claro que yo ni intentarlo, despu\u00e9s de ver como se pliegan.<\/p>\n<p><a href=\"https:\/\/bernardorodrigo.com\/\/wp-content\/uploads\/2014\/08\/BRS_20140730_110222_0095.jpg\" target=\"_blank\" rel=\"noopener noreferrer\"><img loading=\"lazy\" decoding=\"async\" class=\"aligncenter wp-image-700 size-medium\" src=\"https:\/\/bernardorodrigo.com\/wp-content\/uploads\/2014\/08\/BRS_20140730_110222_0095-700x465.jpg\" alt=\"BRS_20140730_110222_0095\" width=\"700\" height=\"465\" srcset=\"https:\/\/bernardorodrigo.com\/wp-content\/uploads\/2014\/08\/BRS_20140730_110222_0095-700x465.jpg 700w, https:\/\/bernardorodrigo.com\/wp-content\/uploads\/2014\/08\/BRS_20140730_110222_0095-1024x680.jpg 1024w, https:\/\/bernardorodrigo.com\/wp-content\/uploads\/2014\/08\/BRS_20140730_110222_0095.jpg 1500w\" sizes=\"(max-width: 700px) 100vw, 700px\" \/><\/a>Ya en el cementerio se acabo la celebraci\u00f3n, ante la tumba del Padre Carlos Schuster.<\/p>\n<p><a href=\"https:\/\/bernardorodrigo.com\/\/wp-content\/uploads\/2014\/08\/BRS_20140730_111638_0100.jpg\" target=\"_blank\" rel=\"noopener noreferrer\"><img loading=\"lazy\" decoding=\"async\" class=\"aligncenter wp-image-701 size-medium\" src=\"https:\/\/bernardorodrigo.com\/wp-content\/uploads\/2014\/08\/BRS_20140730_111638_0100-700x465.jpg\" alt=\"BRS_20140730_111638_0100\" width=\"700\" height=\"465\" srcset=\"https:\/\/bernardorodrigo.com\/wp-content\/uploads\/2014\/08\/BRS_20140730_111638_0100-700x465.jpg 700w, https:\/\/bernardorodrigo.com\/wp-content\/uploads\/2014\/08\/BRS_20140730_111638_0100-1024x680.jpg 1024w, https:\/\/bernardorodrigo.com\/wp-content\/uploads\/2014\/08\/BRS_20140730_111638_0100.jpg 1500w\" sizes=\"(max-width: 700px) 100vw, 700px\" \/><\/a>Descanse en paz<\/p>\n<p><a href=\"https:\/\/bernardorodrigo.com\/\/wp-content\/uploads\/2014\/08\/BRS_20140730_112537_0102.jpg\" target=\"_blank\" rel=\"noopener noreferrer\"><img loading=\"lazy\" decoding=\"async\" class=\"aligncenter wp-image-702 size-medium\" src=\"https:\/\/bernardorodrigo.com\/wp-content\/uploads\/2014\/08\/BRS_20140730_112537_0102-700x465.jpg\" alt=\"BRS_20140730_112537_0102\" width=\"700\" height=\"465\" srcset=\"https:\/\/bernardorodrigo.com\/wp-content\/uploads\/2014\/08\/BRS_20140730_112537_0102-700x465.jpg 700w, https:\/\/bernardorodrigo.com\/wp-content\/uploads\/2014\/08\/BRS_20140730_112537_0102-1024x680.jpg 1024w, https:\/\/bernardorodrigo.com\/wp-content\/uploads\/2014\/08\/BRS_20140730_112537_0102.jpg 1500w\" sizes=\"(max-width: 700px) 100vw, 700px\" \/><\/a><\/p>\n","protected":false},"excerpt":{"rendered":"<p>Pues resulta que el segundo d\u00eda (30 de julio), que estaba yo en Soloy es el aniversario de la muerte del P. Carlos Schuster c.m ,\u00a0 que paso los \u00faltimos 34 a\u00f1os e su vida con los Ng\u00f6be Bougle, y la forma de celebrarlo fue con una misa, y\u00a0 una visita a su tumba, pues [&hellip;]<\/p>\n","protected":false},"author":1,"featured_media":696,"comment_status":"closed","ping_status":"open","sticky":false,"template":"","format":"image","meta":{"footnotes":""},"categories":[43],"tags":[48],"class_list":["post-695","post","type-post","status-publish","format-image","has-post-thumbnail","hentry","category-eventos","tag-ngobe-bougle","post_format-post-format-image"],"_links":{"self":[{"href":"https:\/\/bernardorodrigo.com\/index.php?rest_route=\/wp\/v2\/posts\/695"}],"collection":[{"href":"https:\/\/bernardorodrigo.com\/index.php?rest_route=\/wp\/v2\/posts"}],"about":[{"href":"https:\/\/bernardorodrigo.com\/index.php?rest_route=\/wp\/v2\/types\/post"}],"author":[{"embeddable":true,"href":"https:\/\/bernardorodrigo.com\/index.php?rest_route=\/wp\/v2\/users\/1"}],"replies":[{"embeddable":true,"href":"https:\/\/bernardorodrigo.com\/index.php?rest_route=%2Fwp%2Fv2%2Fcomments&post=695"}],"version-history":[{"count":1,"href":"https:\/\/bernardorodrigo.com\/index.php?rest_route=\/wp\/v2\/posts\/695\/revisions"}],"predecessor-version":[{"id":2858,"href":"https:\/\/bernardorodrigo.com\/index.php?rest_route=\/wp\/v2\/posts\/695\/revisions\/2858"}],"wp:featuredmedia":[{"embeddable":true,"href":"https:\/\/bernardorodrigo.com\/index.php?rest_route=\/wp\/v2\/media\/696"}],"wp:attachment":[{"href":"https:\/\/bernardorodrigo.com\/index.php?rest_route=%2Fwp%2Fv2%2Fmedia&parent=695"}],"wp:term":[{"taxonomy":"category","embeddable":true,"href":"https:\/\/bernardorodrigo.com\/index.php?rest_route=%2Fwp%2Fv2%2Fcategories&post=695"},{"taxonomy":"post_tag","embeddable":true,"href":"https:\/\/bernardorodrigo.com\/index.php?rest_route=%2Fwp%2Fv2%2Ftags&post=695"}],"curies":[{"name":"wp","href":"https:\/\/api.w.org\/{rel}","templated":true}]}}