{"id":366,"date":"2013-09-25T21:11:11","date_gmt":"2013-09-25T21:11:11","guid":{"rendered":"https:\/\/bernardorodrigo.com\/\/?p=366"},"modified":"2022-12-17T09:28:04","modified_gmt":"2022-12-17T08:28:04","slug":"de-pruebas","status":"publish","type":"post","link":"https:\/\/bernardorodrigo.com\/?p=366","title":{"rendered":"De pruebas"},"content":{"rendered":"<p style=\"text-align: left;\">Acabo de hacer una nueva adquisici\u00f3n, se trata de un filtro polarizador, y este s\u00e1bado y domingo estuve haciendo pruebas con el cristal, lo que conseguimos con el, es sobre todo eliminar reflejos, tambi\u00e9n potencia el azul del cielo, as\u00ed que&nbsp; me fui otra vez por el rio, el s\u00e1bado hacia el pantano.<\/p>\n<p style=\"text-align: left;\">Desde la pasarela que cruza el rio despu\u00e9s de los puentes, con polarizador y filtro neutro degradado para intentar reducir el contraste entre luces y sombras.<\/p>\n<p style=\"text-align: left;\"><a href=\"https:\/\/bernardorodrigo.com\/\/wp-content\/uploads\/2015\/03\/BRS-20130921-Paisajes-rio-0010.jpg\" target=\"_blank\" rel=\"noopener noreferrer\"><img loading=\"lazy\" decoding=\"async\" class=\"aligncenter wp-image-1086 size-medium\" src=\"https:\/\/bernardorodrigo.com\/\/wp-content\/uploads\/2015\/03\/BRS-20130921-Paisajes-rio-0010-465x700.jpg\" alt=\"BRS 20130921 Paisajes rio 0010\" width=\"465\" height=\"700\" srcset=\"https:\/\/bernardorodrigo.com\/wp-content\/uploads\/2015\/03\/BRS-20130921-Paisajes-rio-0010-465x700.jpg 465w, https:\/\/bernardorodrigo.com\/wp-content\/uploads\/2015\/03\/BRS-20130921-Paisajes-rio-0010-680x1024.jpg 680w, https:\/\/bernardorodrigo.com\/wp-content\/uploads\/2015\/03\/BRS-20130921-Paisajes-rio-0010.jpg 996w\" sizes=\"(max-width: 465px) 100vw, 465px\" \/><\/a><!--more--><\/p>\n<p style=\"text-align: left;\">Ya de vuelta, sobre el ca\u00f1\u00f3n casi encima del&nbsp; Charco Azul, como la anterior<\/p>\n<p style=\"text-align: left;\"><a href=\"https:\/\/bernardorodrigo.com\/\/wp-content\/uploads\/2015\/03\/BRS-20130921-Paisajes-rio-0017.jpg\" target=\"_blank\" rel=\"noopener noreferrer\"><img loading=\"lazy\" decoding=\"async\" class=\"aligncenter wp-image-1087 size-medium\" src=\"https:\/\/bernardorodrigo.com\/\/wp-content\/uploads\/2015\/03\/BRS-20130921-Paisajes-rio-0017-465x700.jpg\" alt=\"BRS 20130921 Paisajes rio 0017\" width=\"465\" height=\"700\" srcset=\"https:\/\/bernardorodrigo.com\/wp-content\/uploads\/2015\/03\/BRS-20130921-Paisajes-rio-0017-465x700.jpg 465w, https:\/\/bernardorodrigo.com\/wp-content\/uploads\/2015\/03\/BRS-20130921-Paisajes-rio-0017-680x1024.jpg 680w, https:\/\/bernardorodrigo.com\/wp-content\/uploads\/2015\/03\/BRS-20130921-Paisajes-rio-0017.jpg 996w\" sizes=\"(max-width: 465px) 100vw, 465px\" \/><\/a><\/p>\n<p style=\"text-align: left;\">El domingo me baje al Charco azul<\/p>\n<p style=\"text-align: left;\"><a href=\"https:\/\/bernardorodrigo.com\/\/wp-content\/uploads\/2015\/03\/BRS-20130922-Paisajes-rio-0013.jpg\" target=\"_blank\" rel=\"noopener noreferrer\"><img loading=\"lazy\" decoding=\"async\" class=\"aligncenter wp-image-1088 size-medium\" src=\"https:\/\/bernardorodrigo.com\/\/wp-content\/uploads\/2015\/03\/BRS-20130922-Paisajes-rio-0013-465x700.jpg\" alt=\"BRS 20130922 Paisajes rio 0013\" width=\"465\" height=\"700\" srcset=\"https:\/\/bernardorodrigo.com\/wp-content\/uploads\/2015\/03\/BRS-20130922-Paisajes-rio-0013-465x700.jpg 465w, https:\/\/bernardorodrigo.com\/wp-content\/uploads\/2015\/03\/BRS-20130922-Paisajes-rio-0013-680x1024.jpg 680w, https:\/\/bernardorodrigo.com\/wp-content\/uploads\/2015\/03\/BRS-20130922-Paisajes-rio-0013.jpg 996w\" sizes=\"(max-width: 465px) 100vw, 465px\" \/><\/a><\/p>\n<p style=\"text-align: left;\">Y rio abajo delante de las casa de compuertas del canal<\/p>\n<p style=\"text-align: left;\"><a href=\"https:\/\/bernardorodrigo.com\/\/wp-content\/uploads\/2015\/03\/BRS-20130922-Paisajes-rio-0037.jpg\" target=\"_blank\" rel=\"noopener noreferrer\"><img loading=\"lazy\" decoding=\"async\" class=\"aligncenter wp-image-1089 size-medium\" src=\"https:\/\/bernardorodrigo.com\/\/wp-content\/uploads\/2015\/03\/BRS-20130922-Paisajes-rio-0037-465x700.jpg\" alt=\"BRS 20130922 Paisajes rio 0037\" width=\"465\" height=\"700\" srcset=\"https:\/\/bernardorodrigo.com\/wp-content\/uploads\/2015\/03\/BRS-20130922-Paisajes-rio-0037-465x700.jpg 465w, https:\/\/bernardorodrigo.com\/wp-content\/uploads\/2015\/03\/BRS-20130922-Paisajes-rio-0037-680x1024.jpg 680w, https:\/\/bernardorodrigo.com\/wp-content\/uploads\/2015\/03\/BRS-20130922-Paisajes-rio-0037.jpg 996w\" sizes=\"(max-width: 465px) 100vw, 465px\" \/><\/a><\/p>\n<p style=\"text-align: left;\">Y para acabar en la Pe\u00f1a la Jud\u00eda<\/p>\n<p style=\"text-align: left;\"><a href=\"https:\/\/bernardorodrigo.com\/\/wp-content\/uploads\/2015\/03\/BRS-20130922-Paisajes-rio-0047.jpg\" target=\"_blank\" rel=\"noopener noreferrer\"><img loading=\"lazy\" decoding=\"async\" class=\"aligncenter wp-image-1090 size-medium\" src=\"https:\/\/bernardorodrigo.com\/\/wp-content\/uploads\/2015\/03\/BRS-20130922-Paisajes-rio-0047-465x700.jpg\" alt=\"BRS 20130922 Paisajes rio 0047\" width=\"465\" height=\"700\" srcset=\"https:\/\/bernardorodrigo.com\/wp-content\/uploads\/2015\/03\/BRS-20130922-Paisajes-rio-0047-465x700.jpg 465w, https:\/\/bernardorodrigo.com\/wp-content\/uploads\/2015\/03\/BRS-20130922-Paisajes-rio-0047-680x1024.jpg 680w, https:\/\/bernardorodrigo.com\/wp-content\/uploads\/2015\/03\/BRS-20130922-Paisajes-rio-0047.jpg 996w\" sizes=\"(max-width: 465px) 100vw, 465px\" \/><\/a><\/p>\n","protected":false},"excerpt":{"rendered":"<p>Acabo de hacer una nueva adquisici\u00f3n, se trata de un filtro polarizador, y este s\u00e1bado y domingo estuve haciendo pruebas con el cristal, lo que conseguimos con el, es sobre todo eliminar reflejos, tambi\u00e9n potencia el azul del cielo, as\u00ed que&nbsp; me fui otra vez por el rio, el s\u00e1bado hacia el pantano. Desde la [&hellip;]<\/p>\n","protected":false},"author":1,"featured_media":1086,"comment_status":"closed","ping_status":"open","sticky":false,"template":"","format":"image","meta":{"footnotes":""},"categories":[5],"tags":[9,53,51],"class_list":["post-366","post","type-post","status-publish","format-image","has-post-thumbnail","hentry","category-rio","tag-filtro","tag-paisajes","tag-rio","post_format-post-format-image"],"_links":{"self":[{"href":"https:\/\/bernardorodrigo.com\/index.php?rest_route=\/wp\/v2\/posts\/366"}],"collection":[{"href":"https:\/\/bernardorodrigo.com\/index.php?rest_route=\/wp\/v2\/posts"}],"about":[{"href":"https:\/\/bernardorodrigo.com\/index.php?rest_route=\/wp\/v2\/types\/post"}],"author":[{"embeddable":true,"href":"https:\/\/bernardorodrigo.com\/index.php?rest_route=\/wp\/v2\/users\/1"}],"replies":[{"embeddable":true,"href":"https:\/\/bernardorodrigo.com\/index.php?rest_route=%2Fwp%2Fv2%2Fcomments&post=366"}],"version-history":[{"count":1,"href":"https:\/\/bernardorodrigo.com\/index.php?rest_route=\/wp\/v2\/posts\/366\/revisions"}],"predecessor-version":[{"id":2889,"href":"https:\/\/bernardorodrigo.com\/index.php?rest_route=\/wp\/v2\/posts\/366\/revisions\/2889"}],"wp:featuredmedia":[{"embeddable":true,"href":"https:\/\/bernardorodrigo.com\/index.php?rest_route=\/wp\/v2\/media\/1086"}],"wp:attachment":[{"href":"https:\/\/bernardorodrigo.com\/index.php?rest_route=%2Fwp%2Fv2%2Fmedia&parent=366"}],"wp:term":[{"taxonomy":"category","embeddable":true,"href":"https:\/\/bernardorodrigo.com\/index.php?rest_route=%2Fwp%2Fv2%2Fcategories&post=366"},{"taxonomy":"post_tag","embeddable":true,"href":"https:\/\/bernardorodrigo.com\/index.php?rest_route=%2Fwp%2Fv2%2Ftags&post=366"}],"curies":[{"name":"wp","href":"https:\/\/api.w.org\/{rel}","templated":true}]}}