{"id":2229,"date":"2018-04-06T18:06:32","date_gmt":"2018-04-06T16:06:32","guid":{"rendered":"https:\/\/bernardorodrigo.com\/\/?p=2229"},"modified":"2022-12-16T22:04:24","modified_gmt":"2022-12-16T21:04:24","slug":"de-valles-y-vallejos","status":"publish","type":"post","link":"https:\/\/bernardorodrigo.com\/?p=2229","title":{"rendered":"De valles y Vallejos"},"content":{"rendered":"<p>Algo que abunda por la zona son los barrancos, algunos llevan el nombre de valles, y otros son valles en si mismos. El&nbsp; valle de rio Turia tiene rincones fant\u00e1sticos, y no solo en la senda de los puentes colgantes, aunque parece que solo tengamos ojos para ese rodal. Aunque dado lo visto, prefiero que se queden por ah\u00ed, y dejen el resto del termino para los que nos gusta encontrarnos el monte tal y como es, y no con la porquer\u00eda que \u00faltimamente aparece alrededor de las sendas, como las dichosas toallitas h\u00famedas, (hay que ver traseros mas delicados tienen algunos), y no solo alrededor, el \u00faltimo domingo en un tramo de la senda que va hacia el Cerro Negro tuve que ir dando saltos para no pisar las cagadas que algunos depositaron en medio del camino.<\/p>\n<p>Bueno al tajo. Esta vista del rio Turia no la conoc\u00eda, hasta que comenc\u00e9 a pasar este verano por ah\u00ed.<\/p>\n<p><a href=\"https:\/\/bernardorodrigo.com\/\/wp-content\/uploads\/2018\/04\/BRS_20180218_0040.jpg\" target=\"_blank\" rel=\"noopener noreferrer\"><img loading=\"lazy\" decoding=\"async\" class=\"aligncenter wp-image-2231 size-medium\" src=\"https:\/\/bernardorodrigo.com\/\/wp-content\/uploads\/2018\/04\/BRS_20180218_0040-523x700.jpg\" alt=\"\" width=\"523\" height=\"700\" srcset=\"https:\/\/bernardorodrigo.com\/wp-content\/uploads\/2018\/04\/BRS_20180218_0040-523x700.jpg 523w, https:\/\/bernardorodrigo.com\/wp-content\/uploads\/2018\/04\/BRS_20180218_0040-768x1028.jpg 768w, https:\/\/bernardorodrigo.com\/wp-content\/uploads\/2018\/04\/BRS_20180218_0040-765x1024.jpg 765w, https:\/\/bernardorodrigo.com\/wp-content\/uploads\/2018\/04\/BRS_20180218_0040.jpg 1121w\" sizes=\"(max-width: 523px) 100vw, 523px\" \/><\/a><\/p>\n<p><!--more--><\/p>\n<p>La siguiente es mas conocida, aunque no desde este punto.<\/p>\n<p><a href=\"https:\/\/bernardorodrigo.com\/\/wp-content\/uploads\/2018\/04\/BRS_120325_123124__1875.jpg\" target=\"_blank\" rel=\"noopener noreferrer\"><img loading=\"lazy\" decoding=\"async\" class=\"aligncenter wp-image-2235 size-medium\" src=\"https:\/\/bernardorodrigo.com\/\/wp-content\/uploads\/2018\/04\/BRS_120325_123124__1875-700x465.jpg\" alt=\"\" width=\"700\" height=\"465\" srcset=\"https:\/\/bernardorodrigo.com\/wp-content\/uploads\/2018\/04\/BRS_120325_123124__1875-700x465.jpg 700w, https:\/\/bernardorodrigo.com\/wp-content\/uploads\/2018\/04\/BRS_120325_123124__1875-768x510.jpg 768w, https:\/\/bernardorodrigo.com\/wp-content\/uploads\/2018\/04\/BRS_120325_123124__1875-1024x680.jpg 1024w, https:\/\/bernardorodrigo.com\/wp-content\/uploads\/2018\/04\/BRS_120325_123124__1875.jpg 1500w\" sizes=\"(max-width: 700px) 100vw, 700px\" \/><\/a><\/p>\n<p>No se si me quedo con la primera o la segunda. Y las siguientes no van de valles si no de Vallejos, pues as\u00ed se llama el paraje que se muestra. Desde Zagalamuela.<\/p>\n<p><a href=\"https:\/\/bernardorodrigo.com\/\/wp-content\/uploads\/2018\/04\/BRS_20180224_0011.jpg\" target=\"_blank\" rel=\"noopener noreferrer\"><img loading=\"lazy\" decoding=\"async\" class=\"aligncenter wp-image-2232 size-medium\" src=\"https:\/\/bernardorodrigo.com\/\/wp-content\/uploads\/2018\/04\/BRS_20180224_0011-700x465.jpg\" alt=\"\" width=\"700\" height=\"465\" srcset=\"https:\/\/bernardorodrigo.com\/wp-content\/uploads\/2018\/04\/BRS_20180224_0011-700x465.jpg 700w, https:\/\/bernardorodrigo.com\/wp-content\/uploads\/2018\/04\/BRS_20180224_0011-768x510.jpg 768w, https:\/\/bernardorodrigo.com\/wp-content\/uploads\/2018\/04\/BRS_20180224_0011-1024x681.jpg 1024w, https:\/\/bernardorodrigo.com\/wp-content\/uploads\/2018\/04\/BRS_20180224_0011.jpg 1500w\" sizes=\"(max-width: 700px) 100vw, 700px\" \/><\/a><\/p>\n<p>Desde el mismo sitio, y aprovechando el bigma. Hay que ver los antiguos pobladores de Chulilla, la de ribazos que construyeron.<\/p>\n<p><a href=\"https:\/\/bernardorodrigo.com\/\/wp-content\/uploads\/2018\/04\/BRS_20180224_0012.jpg\" target=\"_blank\" rel=\"noopener noreferrer\"><img loading=\"lazy\" decoding=\"async\" class=\"aligncenter wp-image-2233 size-medium\" src=\"https:\/\/bernardorodrigo.com\/\/wp-content\/uploads\/2018\/04\/BRS_20180224_0012-700x464.jpg\" alt=\"\" width=\"700\" height=\"464\" srcset=\"https:\/\/bernardorodrigo.com\/wp-content\/uploads\/2018\/04\/BRS_20180224_0012-700x464.jpg 700w, https:\/\/bernardorodrigo.com\/wp-content\/uploads\/2018\/04\/BRS_20180224_0012-768x509.jpg 768w, https:\/\/bernardorodrigo.com\/wp-content\/uploads\/2018\/04\/BRS_20180224_0012-1024x679.jpg 1024w, https:\/\/bernardorodrigo.com\/wp-content\/uploads\/2018\/04\/BRS_20180224_0012.jpg 1500w\" sizes=\"(max-width: 700px) 100vw, 700px\" \/><\/a><\/p>\n<p>Y sacando aun mas el zoom.<\/p>\n<p><a href=\"https:\/\/bernardorodrigo.com\/\/wp-content\/uploads\/2018\/04\/BRS_20180224_0014.jpg\" target=\"_blank\" rel=\"noopener noreferrer\"><img loading=\"lazy\" decoding=\"async\" class=\"aligncenter wp-image-2234 size-medium\" src=\"https:\/\/bernardorodrigo.com\/\/wp-content\/uploads\/2018\/04\/BRS_20180224_0014-464x700.jpg\" alt=\"\" width=\"464\" height=\"700\" srcset=\"https:\/\/bernardorodrigo.com\/wp-content\/uploads\/2018\/04\/BRS_20180224_0014-464x700.jpg 464w, https:\/\/bernardorodrigo.com\/wp-content\/uploads\/2018\/04\/BRS_20180224_0014-768x1158.jpg 768w, https:\/\/bernardorodrigo.com\/wp-content\/uploads\/2018\/04\/BRS_20180224_0014-679x1024.jpg 679w, https:\/\/bernardorodrigo.com\/wp-content\/uploads\/2018\/04\/BRS_20180224_0014.jpg 995w\" sizes=\"(max-width: 464px) 100vw, 464px\" \/><\/a><\/p>\n<p>Lo dicho, hay muchas sendas que recorrer, solo esperemos que cuando la gente se entere sea menos sucia.<\/p>\n<p>&nbsp;<\/p>\n<p>&nbsp;<\/p>\n","protected":false},"excerpt":{"rendered":"<p>Algo que abunda por la zona son los barrancos, algunos llevan el nombre de valles, y otros son valles en si mismos. El&nbsp; valle de rio Turia tiene rincones fant\u00e1sticos, y no solo en la senda de los puentes colgantes, aunque parece que solo tengamos ojos para ese rodal. Aunque dado lo visto, prefiero que [&hellip;]<\/p>\n","protected":false},"author":1,"featured_media":2231,"comment_status":"closed","ping_status":"open","sticky":false,"template":"","format":"image","meta":{"footnotes":""},"categories":[4],"tags":[29,53,51],"class_list":["post-2229","post","type-post","status-publish","format-image","has-post-thumbnail","hentry","category-paisajes","tag-blanco-negro","tag-paisajes","tag-rio","post_format-post-format-image"],"_links":{"self":[{"href":"https:\/\/bernardorodrigo.com\/index.php?rest_route=\/wp\/v2\/posts\/2229"}],"collection":[{"href":"https:\/\/bernardorodrigo.com\/index.php?rest_route=\/wp\/v2\/posts"}],"about":[{"href":"https:\/\/bernardorodrigo.com\/index.php?rest_route=\/wp\/v2\/types\/post"}],"author":[{"embeddable":true,"href":"https:\/\/bernardorodrigo.com\/index.php?rest_route=\/wp\/v2\/users\/1"}],"replies":[{"embeddable":true,"href":"https:\/\/bernardorodrigo.com\/index.php?rest_route=%2Fwp%2Fv2%2Fcomments&post=2229"}],"version-history":[{"count":1,"href":"https:\/\/bernardorodrigo.com\/index.php?rest_route=\/wp\/v2\/posts\/2229\/revisions"}],"predecessor-version":[{"id":2778,"href":"https:\/\/bernardorodrigo.com\/index.php?rest_route=\/wp\/v2\/posts\/2229\/revisions\/2778"}],"wp:featuredmedia":[{"embeddable":true,"href":"https:\/\/bernardorodrigo.com\/index.php?rest_route=\/wp\/v2\/media\/2231"}],"wp:attachment":[{"href":"https:\/\/bernardorodrigo.com\/index.php?rest_route=%2Fwp%2Fv2%2Fmedia&parent=2229"}],"wp:term":[{"taxonomy":"category","embeddable":true,"href":"https:\/\/bernardorodrigo.com\/index.php?rest_route=%2Fwp%2Fv2%2Fcategories&post=2229"},{"taxonomy":"post_tag","embeddable":true,"href":"https:\/\/bernardorodrigo.com\/index.php?rest_route=%2Fwp%2Fv2%2Ftags&post=2229"}],"curies":[{"name":"wp","href":"https:\/\/api.w.org\/{rel}","templated":true}]}}