{"id":2092,"date":"2018-01-05T17:59:19","date_gmt":"2018-01-05T16:59:19","guid":{"rendered":"https:\/\/bernardorodrigo.com\/\/?p=2092"},"modified":"2022-12-16T22:11:10","modified_gmt":"2022-12-16T21:11:10","slug":"nieblas-mananeras","status":"publish","type":"post","link":"https:\/\/bernardorodrigo.com\/?p=2092","title":{"rendered":"Nieblas ma\u00f1aneras"},"content":{"rendered":"<p>Uno de estos d\u00edas cuando sal\u00eda por la ma\u00f1ana de vuelta, hab\u00eda niebla en la huerta, no en Los Huertos, pero si en el Plano Mira. No iba a pasar por all\u00ed, pero desde la senda del barranco de Falfiguera no hab\u00eda mala vista del evento, as\u00ed que aprovech\u00e9 para hacer varias fotos, desde varios sitios. El problema en estas ocasiones es que el sensor de la c\u00e1mara a duras penas puede registrar correctamente toda la imagen.<\/p>\n<p>Esta la primera, el blanco que se aprecia por encima de los pinos de la izquierda es escarcha. Creo que ha sido la primera ocasi\u00f3n y la \u00fanica de \u00e9ste a\u00f1o que la escarcha llega hasta Los Huertos.<\/p>\n<p><a href=\"https:\/\/bernardorodrigo.com\/\/wp-content\/uploads\/2018\/01\/BRS_20171224_0011.jpg\" target=\"_blank\" rel=\"noopener noreferrer\"><img loading=\"lazy\" decoding=\"async\" class=\"aligncenter wp-image-2093 size-medium\" src=\"https:\/\/bernardorodrigo.com\/\/wp-content\/uploads\/2018\/01\/BRS_20171224_0011-700x523.jpg\" alt=\"\" width=\"700\" height=\"523\" srcset=\"https:\/\/bernardorodrigo.com\/wp-content\/uploads\/2018\/01\/BRS_20171224_0011-700x523.jpg 700w, https:\/\/bernardorodrigo.com\/wp-content\/uploads\/2018\/01\/BRS_20171224_0011-768x574.jpg 768w, https:\/\/bernardorodrigo.com\/wp-content\/uploads\/2018\/01\/BRS_20171224_0011-1024x765.jpg 1024w, https:\/\/bernardorodrigo.com\/wp-content\/uploads\/2018\/01\/BRS_20171224_0011.jpg 1500w\" sizes=\"(max-width: 700px) 100vw, 700px\" \/><\/a><!--more--><\/p>\n<p>La siguiente, desde el mismo punto, pero sacando al m\u00e1ximo el zoom de la X30.<\/p>\n<p><a href=\"https:\/\/bernardorodrigo.com\/\/wp-content\/uploads\/2018\/01\/BRS_20171224_0012.jpg\" target=\"_blank\" rel=\"noopener noreferrer\"><img loading=\"lazy\" decoding=\"async\" class=\"aligncenter wp-image-2094 size-medium\" src=\"https:\/\/bernardorodrigo.com\/\/wp-content\/uploads\/2018\/01\/BRS_20171224_0012-700x523.jpg\" alt=\"\" width=\"700\" height=\"523\" srcset=\"https:\/\/bernardorodrigo.com\/wp-content\/uploads\/2018\/01\/BRS_20171224_0012-700x523.jpg 700w, https:\/\/bernardorodrigo.com\/wp-content\/uploads\/2018\/01\/BRS_20171224_0012-768x574.jpg 768w, https:\/\/bernardorodrigo.com\/wp-content\/uploads\/2018\/01\/BRS_20171224_0012-1024x765.jpg 1024w, https:\/\/bernardorodrigo.com\/wp-content\/uploads\/2018\/01\/BRS_20171224_0012.jpg 1500w\" sizes=\"(max-width: 700px) 100vw, 700px\" \/><\/a><\/p>\n<p>Probando el formato vertical.<\/p>\n<p><a href=\"https:\/\/bernardorodrigo.com\/\/wp-content\/uploads\/2018\/01\/BRS_20171224_0018.jpg\" target=\"_blank\" rel=\"noopener noreferrer\"><img loading=\"lazy\" decoding=\"async\" class=\"aligncenter wp-image-2095 size-medium\" src=\"https:\/\/bernardorodrigo.com\/\/wp-content\/uploads\/2018\/01\/BRS_20171224_0018-523x700.jpg\" alt=\"\" width=\"523\" height=\"700\" srcset=\"https:\/\/bernardorodrigo.com\/wp-content\/uploads\/2018\/01\/BRS_20171224_0018-523x700.jpg 523w, https:\/\/bernardorodrigo.com\/wp-content\/uploads\/2018\/01\/BRS_20171224_0018-768x1028.jpg 768w, https:\/\/bernardorodrigo.com\/wp-content\/uploads\/2018\/01\/BRS_20171224_0018-765x1024.jpg 765w, https:\/\/bernardorodrigo.com\/wp-content\/uploads\/2018\/01\/BRS_20171224_0018.jpg 1121w\" sizes=\"(max-width: 523px) 100vw, 523px\" \/><\/a><\/p>\n<p>Y un poco mas adelante, el sol ya asomaba por encima de La Bandera.<\/p>\n<p><a href=\"https:\/\/bernardorodrigo.com\/\/wp-content\/uploads\/2018\/01\/BRS_20171224_0020.jpg\" target=\"_blank\" rel=\"noopener noreferrer\"><img loading=\"lazy\" decoding=\"async\" class=\"aligncenter wp-image-2096 size-medium\" src=\"https:\/\/bernardorodrigo.com\/\/wp-content\/uploads\/2018\/01\/BRS_20171224_0020-700x523.jpg\" alt=\"\" width=\"700\" height=\"523\" srcset=\"https:\/\/bernardorodrigo.com\/wp-content\/uploads\/2018\/01\/BRS_20171224_0020-700x523.jpg 700w, https:\/\/bernardorodrigo.com\/wp-content\/uploads\/2018\/01\/BRS_20171224_0020-768x574.jpg 768w, https:\/\/bernardorodrigo.com\/wp-content\/uploads\/2018\/01\/BRS_20171224_0020-1024x765.jpg 1024w, https:\/\/bernardorodrigo.com\/wp-content\/uploads\/2018\/01\/BRS_20171224_0020.jpg 1500w\" sizes=\"(max-width: 700px) 100vw, 700px\" \/><\/a><\/p>\n<p>Y para finalizar la \u00faltima desde la senda sobre el barranco.<\/p>\n<p><a href=\"https:\/\/bernardorodrigo.com\/\/wp-content\/uploads\/2018\/01\/BRS_20171224_0022.jpg\" target=\"_blank\" rel=\"noopener noreferrer\"><img loading=\"lazy\" decoding=\"async\" class=\"aligncenter wp-image-2097 size-medium\" src=\"https:\/\/bernardorodrigo.com\/\/wp-content\/uploads\/2018\/01\/BRS_20171224_0022-523x700.jpg\" alt=\"\" width=\"523\" height=\"700\" srcset=\"https:\/\/bernardorodrigo.com\/wp-content\/uploads\/2018\/01\/BRS_20171224_0022-523x700.jpg 523w, https:\/\/bernardorodrigo.com\/wp-content\/uploads\/2018\/01\/BRS_20171224_0022-768x1028.jpg 768w, https:\/\/bernardorodrigo.com\/wp-content\/uploads\/2018\/01\/BRS_20171224_0022-765x1024.jpg 765w, https:\/\/bernardorodrigo.com\/wp-content\/uploads\/2018\/01\/BRS_20171224_0022.jpg 1121w\" sizes=\"(max-width: 523px) 100vw, 523px\" \/><\/a><\/p>\n<p>Me gust\u00f3 el momento; la niebla y el sol bajo hace que la niebla destaque, aunque el peligro es que a la hora de \u00abrawelar\u00bb las fotos, esta desaparezca, en esta ocasi\u00f3n me gusta el resultado, y tambi\u00e9n los contrastes sombras &#8211; luces.<\/p>\n","protected":false},"excerpt":{"rendered":"<p>Uno de estos d\u00edas cuando sal\u00eda por la ma\u00f1ana de vuelta, hab\u00eda niebla en la huerta, no en Los Huertos, pero si en el Plano Mira. No iba a pasar por all\u00ed, pero desde la senda del barranco de Falfiguera no hab\u00eda mala vista del evento, as\u00ed que aprovech\u00e9 para hacer varias fotos, desde varios [&hellip;]<\/p>\n","protected":false},"author":1,"featured_media":2093,"comment_status":"closed","ping_status":"open","sticky":false,"template":"","format":"image","meta":{"footnotes":""},"categories":[4],"tags":[29,15,53],"class_list":["post-2092","post","type-post","status-publish","format-image","has-post-thumbnail","hentry","category-paisajes","tag-blanco-negro","tag-contraluz","tag-paisajes","post_format-post-format-image"],"_links":{"self":[{"href":"https:\/\/bernardorodrigo.com\/index.php?rest_route=\/wp\/v2\/posts\/2092"}],"collection":[{"href":"https:\/\/bernardorodrigo.com\/index.php?rest_route=\/wp\/v2\/posts"}],"about":[{"href":"https:\/\/bernardorodrigo.com\/index.php?rest_route=\/wp\/v2\/types\/post"}],"author":[{"embeddable":true,"href":"https:\/\/bernardorodrigo.com\/index.php?rest_route=\/wp\/v2\/users\/1"}],"replies":[{"embeddable":true,"href":"https:\/\/bernardorodrigo.com\/index.php?rest_route=%2Fwp%2Fv2%2Fcomments&post=2092"}],"version-history":[{"count":1,"href":"https:\/\/bernardorodrigo.com\/index.php?rest_route=\/wp\/v2\/posts\/2092\/revisions"}],"predecessor-version":[{"id":2790,"href":"https:\/\/bernardorodrigo.com\/index.php?rest_route=\/wp\/v2\/posts\/2092\/revisions\/2790"}],"wp:featuredmedia":[{"embeddable":true,"href":"https:\/\/bernardorodrigo.com\/index.php?rest_route=\/wp\/v2\/media\/2093"}],"wp:attachment":[{"href":"https:\/\/bernardorodrigo.com\/index.php?rest_route=%2Fwp%2Fv2%2Fmedia&parent=2092"}],"wp:term":[{"taxonomy":"category","embeddable":true,"href":"https:\/\/bernardorodrigo.com\/index.php?rest_route=%2Fwp%2Fv2%2Fcategories&post=2092"},{"taxonomy":"post_tag","embeddable":true,"href":"https:\/\/bernardorodrigo.com\/index.php?rest_route=%2Fwp%2Fv2%2Ftags&post=2092"}],"curies":[{"name":"wp","href":"https:\/\/api.w.org\/{rel}","templated":true}]}}